{"id":12004,"date":"2026-01-12T22:49:15","date_gmt":"2026-01-12T22:49:15","guid":{"rendered":"https:\/\/chiesa.rimini.it\/clarisse\/?p=12004"},"modified":"2026-01-12T23:35:06","modified_gmt":"2026-01-12T23:35:06","slug":"anno-giubilare-francescano","status":"publish","type":"post","link":"https:\/\/chiesa.rimini.it\/clarisse\/?p=12004","title":{"rendered":"Anno giubilare Francescano"},"content":{"rendered":"<div class=\"wp-block-image\">\n<figure class=\"aligncenter size-full\"><a href=\"https:\/\/chiesa.rimini.it\/clarisse\/wp-content\/chiesa-giubilare2.jpg\"><img loading=\"lazy\" decoding=\"async\" width=\"1013\" height=\"1021\" src=\"https:\/\/chiesa.rimini.it\/clarisse\/wp-content\/chiesa-giubilare2.jpg\" alt=\"\" class=\"wp-image-12007\" srcset=\"https:\/\/chiesa.rimini.it\/clarisse\/wp-content\/chiesa-giubilare2.jpg 1013w, https:\/\/chiesa.rimini.it\/clarisse\/wp-content\/chiesa-giubilare2-298x300.jpg 298w, https:\/\/chiesa.rimini.it\/clarisse\/wp-content\/chiesa-giubilare2-768x774.jpg 768w\" sizes=\"auto, (max-width: 1013px) 100vw, 1013px\" \/><\/a><\/figure>\n<\/div>\n\n\n<p>Quest&#8217;Anno giubilare \u00e8 rivolto in modo particolare ai membri delle Famiglie Francescane del Primo, Secondo e Terzo Ordine Regolare e Secolare, cos\u00ec come agli Istituti di vita consacrata, alle Societ\u00e0 di vita apostolica e alle Associazioni che osservano la Regola di San Francesco o si ispirano alla sua spiritualit\u00e0. Tuttavia, la grazia di questo anno speciale si estende anche a tutti i fedeli, senza distinzione, che, con l\u2019animo distaccato dal peccato, visiteranno in forma di pellegrinaggio qualsiasi chiesa conventuale francescana o luogo di culto dedicato a San Francesco in qualunque parte del mondo. Gli anziani, i malati e quanti, per gravi motivi, non possono uscire di casa, potranno ugualmente ottenere l\u2019indulgenza plenaria unendosi spiritualmente alle celebrazioni giubilari e offrendo a Dio le loro preghiere, i loro dolori e le loro sofferenze.<\/p>\n","protected":false},"excerpt":{"rendered":"<p>Quest&#8217;Anno giubilare \u00e8 rivolto in modo particolare ai membri delle Famiglie Francescane del Primo, Secondo e Terzo Ordine Regolare e Secolare, cos\u00ec come agli Istituti di vita consacrata, alle Societ\u00e0 di vita apostolica e alle Associazioni che osservano la Regola di San Francesco o si ispirano alla sua spiritualit\u00e0. Tuttavia, la grazia di questo anno [&hellip;]<\/p>\n","protected":false},"author":2,"featured_media":0,"comment_status":"closed","ping_status":"closed","sticky":false,"template":"","format":"standard","meta":{"footnotes":""},"categories":[4],"tags":[],"class_list":["post-12004","post","type-post","status-publish","format-standard","hentry","category-news"],"_links":{"self":[{"href":"https:\/\/chiesa.rimini.it\/clarisse\/index.php?rest_route=\/wp\/v2\/posts\/12004","targetHints":{"allow":["GET"]}}],"collection":[{"href":"https:\/\/chiesa.rimini.it\/clarisse\/index.php?rest_route=\/wp\/v2\/posts"}],"about":[{"href":"https:\/\/chiesa.rimini.it\/clarisse\/index.php?rest_route=\/wp\/v2\/types\/post"}],"author":[{"embeddable":true,"href":"https:\/\/chiesa.rimini.it\/clarisse\/index.php?rest_route=\/wp\/v2\/users\/2"}],"replies":[{"embeddable":true,"href":"https:\/\/chiesa.rimini.it\/clarisse\/index.php?rest_route=%2Fwp%2Fv2%2Fcomments&post=12004"}],"version-history":[{"count":4,"href":"https:\/\/chiesa.rimini.it\/clarisse\/index.php?rest_route=\/wp\/v2\/posts\/12004\/revisions"}],"predecessor-version":[{"id":12015,"href":"https:\/\/chiesa.rimini.it\/clarisse\/index.php?rest_route=\/wp\/v2\/posts\/12004\/revisions\/12015"}],"wp:attachment":[{"href":"https:\/\/chiesa.rimini.it\/clarisse\/index.php?rest_route=%2Fwp%2Fv2%2Fmedia&parent=12004"}],"wp:term":[{"taxonomy":"category","embeddable":true,"href":"https:\/\/chiesa.rimini.it\/clarisse\/index.php?rest_route=%2Fwp%2Fv2%2Fcategories&post=12004"},{"taxonomy":"post_tag","embeddable":true,"href":"https:\/\/chiesa.rimini.it\/clarisse\/index.php?rest_route=%2Fwp%2Fv2%2Ftags&post=12004"}],"curies":[{"name":"wp","href":"https:\/\/api.w.org\/{rel}","templated":true}]}}