{"id":6723,"date":"2026-04-29T00:35:00","date_gmt":"2026-04-29T00:35:00","guid":{"rendered":"http:\/\/www2.diocesi.rimini.it\/clarisse\/?p=6723"},"modified":"2026-04-29T22:30:28","modified_gmt":"2026-04-29T22:30:28","slug":"rosario","status":"publish","type":"post","link":"https:\/\/chiesa.rimini.it\/clarisse\/?p=6723","title":{"rendered":"Rosario nel mese di maggio"},"content":{"rendered":"\n<p>sabato 2 ore 17,30<\/p>\n\n\n\n<p>sabato 9 ore 17,30<\/p>\n\n\n\n<p>sabato 16 ore 17,30<\/p>\n\n\n\n<p>venerd\u00ec 22 ore 17<\/p>\n\n\n\n<p>sabato 23 ore 17,30<\/p>\n\n\n\n<p>domenica 24 ore 17,30<\/p>\n\n\n\n<p>luned\u00ec 25 ore 17<\/p>\n\n\n\n<p>marted\u00ec 26 ore 17<\/p>\n\n\n\n<p>mercoled\u00ec 27 ore 21 (arrivo della Madonna del giglio)<\/p>\n\n\n\n<p>gioved\u00ec 28 ore 20 (con la Madonna del giglio)<\/p>\n\n\n\n<p>venerd\u00ec 29 ore 17<\/p>\n\n\n\n<p><span style=\"font-size: inherit;\">sabato 30 ore <\/span>17,30<\/p>\n\n\n\n<p>domenica 31 ore 17,30<\/p>\n\n\n\n<p class=\"has-text-align-center\"><span style=\"font-size: inherit; text-align: center;\">&#x2666;&#x2666;&#x2666;<\/span><\/p>\n","protected":false},"excerpt":{"rendered":"<p>sabato 2 ore 17,30 sabato 9 ore 17,30 sabato 16 ore 17,30 venerd\u00ec 22 ore 17 sabato 23 ore 17,30 domenica 24 ore 17,30 luned\u00ec 25 ore 17 marted\u00ec 26 ore 17 mercoled\u00ec 27 ore 21 (arrivo della Madonna del giglio) gioved\u00ec 28 ore 20 (con la Madonna del giglio) venerd\u00ec 29 ore 17 sabato [&hellip;]<\/p>\n","protected":false},"author":2,"featured_media":0,"comment_status":"closed","ping_status":"closed","sticky":false,"template":"","format":"standard","meta":{"footnotes":""},"categories":[4],"tags":[],"class_list":["post-6723","post","type-post","status-publish","format-standard","hentry","category-news"],"_links":{"self":[{"href":"https:\/\/chiesa.rimini.it\/clarisse\/index.php?rest_route=\/wp\/v2\/posts\/6723","targetHints":{"allow":["GET"]}}],"collection":[{"href":"https:\/\/chiesa.rimini.it\/clarisse\/index.php?rest_route=\/wp\/v2\/posts"}],"about":[{"href":"https:\/\/chiesa.rimini.it\/clarisse\/index.php?rest_route=\/wp\/v2\/types\/post"}],"author":[{"embeddable":true,"href":"https:\/\/chiesa.rimini.it\/clarisse\/index.php?rest_route=\/wp\/v2\/users\/2"}],"replies":[{"embeddable":true,"href":"https:\/\/chiesa.rimini.it\/clarisse\/index.php?rest_route=%2Fwp%2Fv2%2Fcomments&post=6723"}],"version-history":[{"count":22,"href":"https:\/\/chiesa.rimini.it\/clarisse\/index.php?rest_route=\/wp\/v2\/posts\/6723\/revisions"}],"predecessor-version":[{"id":12183,"href":"https:\/\/chiesa.rimini.it\/clarisse\/index.php?rest_route=\/wp\/v2\/posts\/6723\/revisions\/12183"}],"wp:attachment":[{"href":"https:\/\/chiesa.rimini.it\/clarisse\/index.php?rest_route=%2Fwp%2Fv2%2Fmedia&parent=6723"}],"wp:term":[{"taxonomy":"category","embeddable":true,"href":"https:\/\/chiesa.rimini.it\/clarisse\/index.php?rest_route=%2Fwp%2Fv2%2Fcategories&post=6723"},{"taxonomy":"post_tag","embeddable":true,"href":"https:\/\/chiesa.rimini.it\/clarisse\/index.php?rest_route=%2Fwp%2Fv2%2Ftags&post=6723"}],"curies":[{"name":"wp","href":"https:\/\/api.w.org\/{rel}","templated":true}]}}