{"id":7009,"date":"2026-05-01T00:08:00","date_gmt":"2026-05-01T00:08:00","guid":{"rendered":"http:\/\/www2.diocesi.rimini.it\/clarisse\/?p=7009"},"modified":"2026-05-01T15:31:10","modified_gmt":"2026-05-01T15:31:10","slug":"28-maggio","status":"publish","type":"post","link":"https:\/\/chiesa.rimini.it\/clarisse\/?p=7009","title":{"rendered":"2 maggio"},"content":{"rendered":"\n<p>La Celebrazione Eucaristica di sabato 2 sar\u00e0 alle ore 7,30 sar\u00e0 presieduta dal Vescovo Nicol\u00f2.<\/p>\n\n\n\n<p class=\"has-text-align-center\">&#x2666;&#x2666;&#x2666;<\/p>\n","protected":false},"excerpt":{"rendered":"<p>La Celebrazione Eucaristica di sabato 2 sar\u00e0 alle ore 7,30 sar\u00e0 presieduta dal Vescovo Nicol\u00f2. &#x2666;&#x2666;&#x2666;<\/p>\n","protected":false},"author":2,"featured_media":0,"comment_status":"closed","ping_status":"closed","sticky":false,"template":"","format":"standard","meta":{"footnotes":""},"categories":[10],"tags":[],"class_list":["post-7009","post","type-post","status-publish","format-standard","hentry","category-celebrazioni"],"_links":{"self":[{"href":"https:\/\/chiesa.rimini.it\/clarisse\/index.php?rest_route=\/wp\/v2\/posts\/7009","targetHints":{"allow":["GET"]}}],"collection":[{"href":"https:\/\/chiesa.rimini.it\/clarisse\/index.php?rest_route=\/wp\/v2\/posts"}],"about":[{"href":"https:\/\/chiesa.rimini.it\/clarisse\/index.php?rest_route=\/wp\/v2\/types\/post"}],"author":[{"embeddable":true,"href":"https:\/\/chiesa.rimini.it\/clarisse\/index.php?rest_route=\/wp\/v2\/users\/2"}],"replies":[{"embeddable":true,"href":"https:\/\/chiesa.rimini.it\/clarisse\/index.php?rest_route=%2Fwp%2Fv2%2Fcomments&post=7009"}],"version-history":[{"count":121,"href":"https:\/\/chiesa.rimini.it\/clarisse\/index.php?rest_route=\/wp\/v2\/posts\/7009\/revisions"}],"predecessor-version":[{"id":12188,"href":"https:\/\/chiesa.rimini.it\/clarisse\/index.php?rest_route=\/wp\/v2\/posts\/7009\/revisions\/12188"}],"wp:attachment":[{"href":"https:\/\/chiesa.rimini.it\/clarisse\/index.php?rest_route=%2Fwp%2Fv2%2Fmedia&parent=7009"}],"wp:term":[{"taxonomy":"category","embeddable":true,"href":"https:\/\/chiesa.rimini.it\/clarisse\/index.php?rest_route=%2Fwp%2Fv2%2Fcategories&post=7009"},{"taxonomy":"post_tag","embeddable":true,"href":"https:\/\/chiesa.rimini.it\/clarisse\/index.php?rest_route=%2Fwp%2Fv2%2Ftags&post=7009"}],"curies":[{"name":"wp","href":"https:\/\/api.w.org\/{rel}","templated":true}]}}